{"id":159,"date":"2019-03-15T10:00:59","date_gmt":"2019-03-15T09:00:59","guid":{"rendered":"https:\/\/offensive-gewerkschaftspolitik.de\/?p=159"},"modified":"2018-12-06T18:45:48","modified_gmt":"2018-12-06T17:45:48","slug":"vernetzungstreffen-maerz-2019","status":"publish","type":"post","link":"https:\/\/offensive-gewerkschaftspolitik.de\/index.php\/2019\/03\/15\/vernetzungstreffen-maerz-2019\/","title":{"rendered":"Vernetzungstreffen M\u00e4rz 2019"},"content":{"rendered":"<p>Am 15. und 16. M\u00e4rz 2019 findet unser n\u00e4chstes Vernetzungstreffen statt. Einladung und Tagesordnung geht euch rechtzeitig zu. Du bist noch nicht im Verteiler? Dann melde dich bei uns!<\/p>\n","protected":false},"excerpt":{"rendered":"<p>Am 15. und 16. M\u00e4rz 2019 findet unser n\u00e4chstes Vernetzungstreffen statt. Einladung und Tagesordnung geht euch rechtzeitig zu. Du bist noch nicht im Verteiler? Dann melde dich bei uns!<\/p>\n","protected":false},"author":2,"featured_media":0,"comment_status":"closed","ping_status":"closed","sticky":false,"template":"","format":"standard","meta":{"footnotes":""},"categories":[4],"tags":[],"class_list":["post-159","post","type-post","status-publish","format-standard","hentry","category-termine"],"_links":{"self":[{"href":"https:\/\/offensive-gewerkschaftspolitik.de\/index.php\/wp-json\/wp\/v2\/posts\/159","targetHints":{"allow":["GET"]}}],"collection":[{"href":"https:\/\/offensive-gewerkschaftspolitik.de\/index.php\/wp-json\/wp\/v2\/posts"}],"about":[{"href":"https:\/\/offensive-gewerkschaftspolitik.de\/index.php\/wp-json\/wp\/v2\/types\/post"}],"author":[{"embeddable":true,"href":"https:\/\/offensive-gewerkschaftspolitik.de\/index.php\/wp-json\/wp\/v2\/users\/2"}],"replies":[{"embeddable":true,"href":"https:\/\/offensive-gewerkschaftspolitik.de\/index.php\/wp-json\/wp\/v2\/comments?post=159"}],"version-history":[{"count":1,"href":"https:\/\/offensive-gewerkschaftspolitik.de\/index.php\/wp-json\/wp\/v2\/posts\/159\/revisions"}],"predecessor-version":[{"id":160,"href":"https:\/\/offensive-gewerkschaftspolitik.de\/index.php\/wp-json\/wp\/v2\/posts\/159\/revisions\/160"}],"wp:attachment":[{"href":"https:\/\/offensive-gewerkschaftspolitik.de\/index.php\/wp-json\/wp\/v2\/media?parent=159"}],"wp:term":[{"taxonomy":"category","embeddable":true,"href":"https:\/\/offensive-gewerkschaftspolitik.de\/index.php\/wp-json\/wp\/v2\/categories?post=159"},{"taxonomy":"post_tag","embeddable":true,"href":"https:\/\/offensive-gewerkschaftspolitik.de\/index.php\/wp-json\/wp\/v2\/tags?post=159"}],"curies":[{"name":"wp","href":"https:\/\/api.w.org\/{rel}","templated":true}]}}