{"id":294,"date":"2019-12-06T11:34:30","date_gmt":"2019-12-06T10:34:30","guid":{"rendered":"https:\/\/offensive-gewerkschaftspolitik.de\/?p=294"},"modified":"2019-12-06T11:34:31","modified_gmt":"2019-12-06T10:34:31","slug":"offener-brief-an-reiner-hoffmann","status":"publish","type":"post","link":"https:\/\/offensive-gewerkschaftspolitik.de\/index.php\/2019\/12\/06\/offener-brief-an-reiner-hoffmann\/","title":{"rendered":"Offener Brief an Reiner Hoffmann"},"content":{"rendered":"\n<p> <strong>An den DGB Vorsitzenden<br> Kollege Reiner Hoffmann<\/strong><br><\/p>\n\n\n\n<p>Lieber Kollege Hoffmann,<br>Saskia Esken und Norbert Walter-Borjans haben die Abstimmung \u00fcber den SPD- Parteivorsitz mit 53 zu 45 Prozent relativ deutlich gewonnen. Ihre Programmatik beinhaltete, den Mindestlohn auf 12 Euro zu erh\u00f6hen, eine Verm\u00f6genssteuer einzuf\u00fchren, und die Politik der \u201eSchwarzen Null\u201c zu beenden sowie Tarifbindung zu st\u00e4rken, indem die Allgemeinverbindlichkeitserkl\u00e4rungen erleichtert werden. Dies sind aus gewerkschaftlicher Sicht wichtige Anliegen, denn die Investitionsl\u00fccke in Deutschland ist riesig und die Spaltung der Gesellschaft in Arm und Reich ist tief.<br>Esken und Walter-Borjans erkl\u00e4rten in diesem Sinne den Koalitionsvertrag nachzuverhandeln. Sollte dies erfolglos bleiben, stellen sie die Gro\u00dfe Koalition zur Disposition.<br> Beide sind noch nicht auf dem Parteitag als Vorsitzende gew\u00e4hlt, da forderst du im Namen der Gewerkschaften eine Fortf\u00fchrung der Gro\u00dfen Koalition.<br><strong>Wir meinen:<\/strong><br>Es ist Aufgabe der Gewerkschaften, sich f\u00fcr die Erh\u00f6hung des Mindestlohnes, die Einf\u00fchrung einer Verm\u00f6genssteuer und gegen die Politik einer \u201eSchwarzen Null\u201c sowie f\u00fcr die Erleichterung von Allgemeinverbindlichkeitserkl\u00e4rungen einzusetzen. Es ist nicht Aufgabe der Gewerkschaften, Politikberatung f\u00fcr die SPD zu betreiben und es ist schon gar nicht Aufgabe der Gewerkschaften, einen m\u00f6glichen gesellschaftlichen Aufbruch im Keim zu ersticken.<br><\/p>\n\n\n\n<p>Mit freundlichen Gr\u00fc\u00dfen<br>Lisa Baumeister (GS), Nils Bielkine (GS), Nils B\u00f6hlke (GS), Arne Brix (GS), G\u00fcnter Busch (ehem. stellv. Landesbezirksleiter), Martin Donat (GS), Wladislaw Druzinin (GS), Till D\u00fcwel (GS), Christian Egner (GS), Christoph Ellinghaus (2. Bevo), Michael Erhardt (1. Bevo), Lothar Ewald (ehem. 2. Bevo), Nico Faupel (GS), Katarina Frankovic (GS), Fabian Fink (GS), Axel Gerntke (1. Bevo), Alexander Gilly (GS), Roland Hamm (1. Bevo), Susanne Hille (GS), G\u00fcnter H\u00f6tzl (1. Bevo), Milan Huhn (GS), Stefanie Jahn (1. Bevo), Ralf Jaster (GS), Guido Jurock (GS), Almut J\u00fcrries (GS), Silke Kettner (GS), Peter Kleint (1. Bevo), Ralf K\u00f6hler (1. Bevo), Marion Koslowski-Kuzu (GS), Olaf Klenke (GS), Jutta Krellmann (GS), Moritz Lange (GS), Brigitte Langguth (GS), Jens L\u00f6bel (GS), Guido Machowski (GS), Marcel Mansouri (GS), Thomas Maier (GS), David Matrai (GS), Stefanie Mielast (GS), Manfred Moos (GS), Alexander M\u00fcnchow (GS), Holger Neumann (GS), Monika Neuner (GS), Dennis Olsen (GS), Britta Peter (1. Bevo), Frank Raabe-Lindemann (GS), Wolfgang R\u00e4schke (ehem. 1. Bevo), Gabriel Riesner (GS), Benjamin Roscher (GS), Yasemin Rosenau (GS), Brigitte Runge (2. Bevo), Stefan Sachs (1. Bevo), Robert Sadowsky (ehem. 1. Bevo), Laura Schimmel (GS), Katharina Schwabedissen (GS), Rosa Schwenger (GS), Jana Seppelt (GS), Luis Sergio (GS), Stephan Soldanski (1. Bevo), Bernd Spitzbarth (1. Bevo), Thomas Steinh\u00e4user (1. Bevo), Tatjana Stoll (GS), Marika Varga (GS), Jeanine Weigel (GS), Robert Wei\u00dfenbrunner (1. Bevo), Martin Weiss (2. Bevo), Agnieszka Wiatrak (GS), Gerhard Wick (1. Bevo), Anne Widder (GS), Sebastian Wiedemann (GS), Matthias Wilhelm (1. Bevo), Klaus-Dieter Winnerlein (1. Bevo), Franziska Wolf (GS), Mario Wolf (2. Bevo), Uwe Zabel (GS), Benjamin Zabel (GS), Norbert Zirnsak (2. Bevo)<\/p>\n\n\n\n<p>Viele weitere Gewerkschafter*innen haben sich bereits bei uns gemeldet, dass Sie diesen Brief unterst\u00fctzen!<\/p>\n","protected":false},"excerpt":{"rendered":"<p>An den DGB Vorsitzenden Kollege Reiner Hoffmann Lieber Kollege Hoffmann,Saskia Esken und Norbert Walter-Borjans haben die Abstimmung \u00fcber den SPD- Parteivorsitz mit 53 zu 45 Prozent relativ deutlich gewonnen. Ihre Programmatik beinhaltete, den Mindestlohn auf 12 Euro zu erh\u00f6hen, eine Verm\u00f6genssteuer einzuf\u00fchren, und die Politik der \u201eSchwarzen Null\u201c zu beenden sowie Tarifbindung zu st\u00e4rken, indem <a class=\"more-link\" href=\"https:\/\/offensive-gewerkschaftspolitik.de\/index.php\/2019\/12\/06\/offener-brief-an-reiner-hoffmann\/\">Weiterlesen &#8230;<\/a><\/p>\n","protected":false},"author":2,"featured_media":0,"comment_status":"closed","ping_status":"closed","sticky":false,"template":"","format":"standard","meta":{"footnotes":""},"categories":[1],"tags":[],"class_list":["post-294","post","type-post","status-publish","format-standard","hentry","category-uncategorized"],"_links":{"self":[{"href":"https:\/\/offensive-gewerkschaftspolitik.de\/index.php\/wp-json\/wp\/v2\/posts\/294","targetHints":{"allow":["GET"]}}],"collection":[{"href":"https:\/\/offensive-gewerkschaftspolitik.de\/index.php\/wp-json\/wp\/v2\/posts"}],"about":[{"href":"https:\/\/offensive-gewerkschaftspolitik.de\/index.php\/wp-json\/wp\/v2\/types\/post"}],"author":[{"embeddable":true,"href":"https:\/\/offensive-gewerkschaftspolitik.de\/index.php\/wp-json\/wp\/v2\/users\/2"}],"replies":[{"embeddable":true,"href":"https:\/\/offensive-gewerkschaftspolitik.de\/index.php\/wp-json\/wp\/v2\/comments?post=294"}],"version-history":[{"count":1,"href":"https:\/\/offensive-gewerkschaftspolitik.de\/index.php\/wp-json\/wp\/v2\/posts\/294\/revisions"}],"predecessor-version":[{"id":295,"href":"https:\/\/offensive-gewerkschaftspolitik.de\/index.php\/wp-json\/wp\/v2\/posts\/294\/revisions\/295"}],"wp:attachment":[{"href":"https:\/\/offensive-gewerkschaftspolitik.de\/index.php\/wp-json\/wp\/v2\/media?parent=294"}],"wp:term":[{"taxonomy":"category","embeddable":true,"href":"https:\/\/offensive-gewerkschaftspolitik.de\/index.php\/wp-json\/wp\/v2\/categories?post=294"},{"taxonomy":"post_tag","embeddable":true,"href":"https:\/\/offensive-gewerkschaftspolitik.de\/index.php\/wp-json\/wp\/v2\/tags?post=294"}],"curies":[{"name":"wp","href":"https:\/\/api.w.org\/{rel}","templated":true}]}}