{"id":296,"date":"2019-12-04T11:37:00","date_gmt":"2019-12-04T10:37:00","guid":{"rendered":"https:\/\/offensive-gewerkschaftspolitik.de\/?p=296"},"modified":"2019-12-06T11:40:22","modified_gmt":"2019-12-06T10:40:22","slug":"save-the-date-naechstes-treffen","status":"publish","type":"post","link":"https:\/\/offensive-gewerkschaftspolitik.de\/index.php\/2019\/12\/04\/save-the-date-naechstes-treffen\/","title":{"rendered":"Save the Date &#8211; n\u00e4chstes Treffen"},"content":{"rendered":"\n<p><strong>+ + SAVE THE DATE + + +<br> 14.\/15. Februar 2020 in Kassel<\/strong><\/p>\n\n\n\n<p><strong>Vernetzungstreffen f\u00fcr eine offensive Gewerkschaftspolitik<\/strong><br> Wir laden euch sehr herzlich zu unserem sechsten Vernetzungstreffen<br> im Februar n\u00e4chsten Jahres ein.<br> Am Freitagabend wollen wir mit Hans-J\u00fcrgen Urban \u00fcber Chancen<br> und Herausforderungen offensiver Gewerkschaftspolitik nach dem<br> Gewerkschaftstag diskutieren. Ein Fokus soll dabei auch auf der Gegenwehr angesichts Besch\u00e4ftigungsabbau und Massenentlassungen<br> liegen. Anschlie\u00dfend laden wir zum gem\u00fctlichen Beisammensein ein.<br> Am Samstag werden wir erneut Arbeitsgruppen zu verschiedenen<br> Themen anbieten und einen Blick auf die kommende Tarifrunde legen.<\/p>\n\n\n\n<p>Wir bem\u00fchen uns um Kinderbetreuung. Falls ihr daran Interesse habt,<br> meldet euch bitte bis 16. Dezemeber 2019 bei uns unter<br> info@offensive-gewerkschaftspolitik.de zur\u00fcck.<br> Leitet das \u201eSave-the-Date\u201c sehr gerne an interessierte Hauptamtliche weiter, die noch nicht auf unserem Verteiler stehen. Wir freuen uns auf euch und auf neue Gesichter!<\/p>\n","protected":false},"excerpt":{"rendered":"<p>+ + SAVE THE DATE + + + 14.\/15. Februar 2020 in Kassel Vernetzungstreffen f\u00fcr eine offensive Gewerkschaftspolitik Wir laden euch sehr herzlich zu unserem sechsten Vernetzungstreffen im Februar n\u00e4chsten Jahres ein. Am Freitagabend wollen wir mit Hans-J\u00fcrgen Urban \u00fcber Chancen und Herausforderungen offensiver Gewerkschaftspolitik nach dem Gewerkschaftstag diskutieren. Ein Fokus soll dabei auch auf <a class=\"more-link\" href=\"https:\/\/offensive-gewerkschaftspolitik.de\/index.php\/2019\/12\/04\/save-the-date-naechstes-treffen\/\">Weiterlesen &#8230;<\/a><\/p>\n","protected":false},"author":2,"featured_media":0,"comment_status":"closed","ping_status":"closed","sticky":false,"template":"","format":"standard","meta":{"footnotes":""},"categories":[1],"tags":[],"class_list":["post-296","post","type-post","status-publish","format-standard","hentry","category-uncategorized"],"_links":{"self":[{"href":"https:\/\/offensive-gewerkschaftspolitik.de\/index.php\/wp-json\/wp\/v2\/posts\/296","targetHints":{"allow":["GET"]}}],"collection":[{"href":"https:\/\/offensive-gewerkschaftspolitik.de\/index.php\/wp-json\/wp\/v2\/posts"}],"about":[{"href":"https:\/\/offensive-gewerkschaftspolitik.de\/index.php\/wp-json\/wp\/v2\/types\/post"}],"author":[{"embeddable":true,"href":"https:\/\/offensive-gewerkschaftspolitik.de\/index.php\/wp-json\/wp\/v2\/users\/2"}],"replies":[{"embeddable":true,"href":"https:\/\/offensive-gewerkschaftspolitik.de\/index.php\/wp-json\/wp\/v2\/comments?post=296"}],"version-history":[{"count":1,"href":"https:\/\/offensive-gewerkschaftspolitik.de\/index.php\/wp-json\/wp\/v2\/posts\/296\/revisions"}],"predecessor-version":[{"id":297,"href":"https:\/\/offensive-gewerkschaftspolitik.de\/index.php\/wp-json\/wp\/v2\/posts\/296\/revisions\/297"}],"wp:attachment":[{"href":"https:\/\/offensive-gewerkschaftspolitik.de\/index.php\/wp-json\/wp\/v2\/media?parent=296"}],"wp:term":[{"taxonomy":"category","embeddable":true,"href":"https:\/\/offensive-gewerkschaftspolitik.de\/index.php\/wp-json\/wp\/v2\/categories?post=296"},{"taxonomy":"post_tag","embeddable":true,"href":"https:\/\/offensive-gewerkschaftspolitik.de\/index.php\/wp-json\/wp\/v2\/tags?post=296"}],"curies":[{"name":"wp","href":"https:\/\/api.w.org\/{rel}","templated":true}]}}