{"id":384,"date":"2022-04-27T13:14:24","date_gmt":"2022-04-27T11:14:24","guid":{"rendered":"https:\/\/offensive-gewerkschaftspolitik.de\/?p=384"},"modified":"2022-06-23T17:42:08","modified_gmt":"2022-06-23T15:42:08","slug":"gewerkschaften-fuer-den-frieden","status":"publish","type":"post","link":"https:\/\/offensive-gewerkschaftspolitik.de\/index.php\/2022\/04\/27\/gewerkschaften-fuer-den-frieden\/","title":{"rendered":"Gewerkschaften f\u00fcr den Frieden"},"content":{"rendered":"\n<p><strong>Wir dokumentieren ab sofort auf <a href=\"https:\/\/offensive-gewerkschaftspolitik.de\/index.php\/gewerkschaften-fuer-den-frieden\/\" data-type=\"URL\" data-id=\"https:\/\/offensive-gewerkschaftspolitik.de\/index.php\/gewerkschaften-fuer-den-frieden\/\">unserer Seite<\/a> Beschl\u00fcsse und andere Aktivit\u00e4ten von Gewerkschafterinnen und Gewerkschaftern gegen den Krieg, f\u00fcr Frieden und Abr\u00fcstung<\/strong>.<\/p>\n\n\n\n<p><\/p>\n\n\n\n<p><\/p>\n\n\n\n<p>Wir freuen uns \u00fcber weitere Einsendungen an&nbsp;<a href=\"mailto:info@offensive-gewerkschaftspolitik.de\">info@offensive-gewerkschaftspolitik.de<\/a>.<\/p>\n","protected":false},"excerpt":{"rendered":"<p>Wir dokumentieren ab sofort auf unserer Seite Beschl\u00fcsse und andere Aktivit\u00e4ten von Gewerkschafterinnen und Gewerkschaftern gegen den Krieg, f\u00fcr Frieden und Abr\u00fcstung. Wir freuen uns \u00fcber weitere Einsendungen an&nbsp;info@offensive-gewerkschaftspolitik.de.<\/p>\n","protected":false},"author":2,"featured_media":0,"comment_status":"closed","ping_status":"closed","sticky":false,"template":"","format":"standard","meta":{"footnotes":""},"categories":[1],"tags":[],"class_list":["post-384","post","type-post","status-publish","format-standard","hentry","category-uncategorized"],"_links":{"self":[{"href":"https:\/\/offensive-gewerkschaftspolitik.de\/index.php\/wp-json\/wp\/v2\/posts\/384","targetHints":{"allow":["GET"]}}],"collection":[{"href":"https:\/\/offensive-gewerkschaftspolitik.de\/index.php\/wp-json\/wp\/v2\/posts"}],"about":[{"href":"https:\/\/offensive-gewerkschaftspolitik.de\/index.php\/wp-json\/wp\/v2\/types\/post"}],"author":[{"embeddable":true,"href":"https:\/\/offensive-gewerkschaftspolitik.de\/index.php\/wp-json\/wp\/v2\/users\/2"}],"replies":[{"embeddable":true,"href":"https:\/\/offensive-gewerkschaftspolitik.de\/index.php\/wp-json\/wp\/v2\/comments?post=384"}],"version-history":[{"count":7,"href":"https:\/\/offensive-gewerkschaftspolitik.de\/index.php\/wp-json\/wp\/v2\/posts\/384\/revisions"}],"predecessor-version":[{"id":430,"href":"https:\/\/offensive-gewerkschaftspolitik.de\/index.php\/wp-json\/wp\/v2\/posts\/384\/revisions\/430"}],"wp:attachment":[{"href":"https:\/\/offensive-gewerkschaftspolitik.de\/index.php\/wp-json\/wp\/v2\/media?parent=384"}],"wp:term":[{"taxonomy":"category","embeddable":true,"href":"https:\/\/offensive-gewerkschaftspolitik.de\/index.php\/wp-json\/wp\/v2\/categories?post=384"},{"taxonomy":"post_tag","embeddable":true,"href":"https:\/\/offensive-gewerkschaftspolitik.de\/index.php\/wp-json\/wp\/v2\/tags?post=384"}],"curies":[{"name":"wp","href":"https:\/\/api.w.org\/{rel}","templated":true}]}}