{"id":478,"date":"2024-02-08T18:52:09","date_gmt":"2024-02-08T17:52:09","guid":{"rendered":"https:\/\/offensive-gewerkschaftspolitik.de\/?p=478"},"modified":"2024-02-08T18:54:39","modified_gmt":"2024-02-08T17:54:39","slug":"14-ogp-vernetzungstreffen-am-19-und-20-april-2024-zum-in-frankfurt-am-main","status":"publish","type":"post","link":"https:\/\/offensive-gewerkschaftspolitik.de\/index.php\/2024\/02\/08\/14-ogp-vernetzungstreffen-am-19-und-20-april-2024-zum-in-frankfurt-am-main\/","title":{"rendered":"14. OGP\u2013Vernetzungstreffen am 19. und 20. April 2024 in Frankfurt am Main!\u00a0"},"content":{"rendered":"\n<p>Wir freuen uns, euch auf das 14. Vernetzungstreffen f\u00fcr eine offensive Gewerkschaftspolitik aufmerksam zu machen. Bei unserem n\u00e4chsten Treffen wollen wir den Schwerpunkt auf Tarifpolitik legen. Hierf\u00fcr haben wir wieder ein buntes Programm aus aktuellen Themen zusammengestellt.\u00a0<br><\/p>\n\n\n\n<p><strong>Wir treffen uns:<\/strong><br>\u00a0 \u00a0 \u00a0 am Freitag, den 19.4.24 ab 18 Uhr<br>\u00a0 \u00a0 \u00a0 bis Samstag, den 20.4.24 bis 13:30 Uhr<br>\u00a0 \u00a0 \u00a0 in Frankfurt am Main.<br><br><strong>Du bist hauptamtlich bei der IG Metall besch\u00e4ftigt und m\u00f6chtest am Treffen teilnehmen?<\/strong> Da wir vor Ort nur begrenzt Pl\u00e4tze haben, bitten wir euch um eine zeitnahe und verbindliche Anmeldung. Hierf\u00fcr reicht eine kurze Mail an\u00a0info@offensive-gewerkschaftspolitik.de.<br><br>Wir freuen uns, dass uns f\u00fcr unsere Diskussion mit dem Schwerpunkt Tarifpolitik am Freitagabend <strong>Nadine Boguslawski<\/strong> als neues zust\u00e4ndiges Vorstandsmitglied zugesagt hat. Am Samstag wird es drei Arbeitsgruppen zu den Themen <strong>Arbeitszeitverk\u00fcrzung<\/strong>, <strong>Soli-Rente-Plus<\/strong> und <strong>Auf- und Ausbau von\u00a0Vertrauensleutestrukturen\u00a0in der Tarifbewegung<\/strong> geben.<\/p>\n\n\n\n<p>Am Ende werden wir uns im Plenum mit der Fragestellung auseinandersetzen, wie es uns gelingen kann, den antifaschistischen Fr\u00fchling in die Betriebe zu tragen.<br><br>Wir sehen uns in Frankfurt!<\/p>\n","protected":false},"excerpt":{"rendered":"<p>Wir freuen uns, euch auf das 14. Vernetzungstreffen f\u00fcr eine offensive Gewerkschaftspolitik aufmerksam zu machen. Bei unserem n\u00e4chsten Treffen wollen wir den Schwerpunkt auf Tarifpolitik legen. Hierf\u00fcr haben wir wieder ein buntes Programm aus aktuellen Themen zusammengestellt.\u00a0 Wir treffen uns:\u00a0 \u00a0 \u00a0 am Freitag, den 19.4.24 ab 18 Uhr\u00a0 \u00a0 \u00a0 bis Samstag, den 20.4.24 <a class=\"more-link\" href=\"https:\/\/offensive-gewerkschaftspolitik.de\/index.php\/2024\/02\/08\/14-ogp-vernetzungstreffen-am-19-und-20-april-2024-zum-in-frankfurt-am-main\/\">Weiterlesen &#8230;<\/a><\/p>\n","protected":false},"author":1,"featured_media":0,"comment_status":"closed","ping_status":"closed","sticky":false,"template":"","format":"standard","meta":{"footnotes":""},"categories":[1],"tags":[],"class_list":["post-478","post","type-post","status-publish","format-standard","hentry","category-uncategorized"],"_links":{"self":[{"href":"https:\/\/offensive-gewerkschaftspolitik.de\/index.php\/wp-json\/wp\/v2\/posts\/478","targetHints":{"allow":["GET"]}}],"collection":[{"href":"https:\/\/offensive-gewerkschaftspolitik.de\/index.php\/wp-json\/wp\/v2\/posts"}],"about":[{"href":"https:\/\/offensive-gewerkschaftspolitik.de\/index.php\/wp-json\/wp\/v2\/types\/post"}],"author":[{"embeddable":true,"href":"https:\/\/offensive-gewerkschaftspolitik.de\/index.php\/wp-json\/wp\/v2\/users\/1"}],"replies":[{"embeddable":true,"href":"https:\/\/offensive-gewerkschaftspolitik.de\/index.php\/wp-json\/wp\/v2\/comments?post=478"}],"version-history":[{"count":3,"href":"https:\/\/offensive-gewerkschaftspolitik.de\/index.php\/wp-json\/wp\/v2\/posts\/478\/revisions"}],"predecessor-version":[{"id":481,"href":"https:\/\/offensive-gewerkschaftspolitik.de\/index.php\/wp-json\/wp\/v2\/posts\/478\/revisions\/481"}],"wp:attachment":[{"href":"https:\/\/offensive-gewerkschaftspolitik.de\/index.php\/wp-json\/wp\/v2\/media?parent=478"}],"wp:term":[{"taxonomy":"category","embeddable":true,"href":"https:\/\/offensive-gewerkschaftspolitik.de\/index.php\/wp-json\/wp\/v2\/categories?post=478"},{"taxonomy":"post_tag","embeddable":true,"href":"https:\/\/offensive-gewerkschaftspolitik.de\/index.php\/wp-json\/wp\/v2\/tags?post=478"}],"curies":[{"name":"wp","href":"https:\/\/api.w.org\/{rel}","templated":true}]}}